[{"@context":"https:\/\/schema.org\/","@type":"Article","@id":"https:\/\/www.pappce.cz\/vyuzijte-nejruznejsi-akce-a-slevy-za-ktere-vam-vase-vlasy-jiste-podekuji\/#Article","mainEntityOfPage":"https:\/\/www.pappce.cz\/vyuzijte-nejruznejsi-akce-a-slevy-za-ktere-vam-vase-vlasy-jiste-podekuji\/","headline":"Vyu\u017eijte nejr\u016fzn\u011bj\u0161\u00ed akce a slevy, za kter\u00e9 v\u00e1m va\u0161e vlasy jist\u011b pod\u011bkuj\u00ed","name":"Vyu\u017eijte nejr\u016fzn\u011bj\u0161\u00ed akce a slevy, za kter\u00e9 v\u00e1m va\u0161e vlasy jist\u011b pod\u011bkuj\u00ed","description":"Brazilsk\u00fd keratin se v\u00e1m velmi zamlouv\u00e1 a rozhodli jste se, \u017ee hned jak to p\u016fjde, tak t\u00e9to \u0161ance vyu\u017eijete? Je to toti\u017e \u0161ance, d\u00edky kter\u00e9 budete moci ud\u011blat va\u0161e vlasy opravdu na pohled dokonal\u00e9 a d\u00edky kter\u00e9 se budete c\u00edtit naprosto skv\u011ble. [&hellip;]","datePublished":"2024-04-23","dateModified":"2024-04-23","author":{"@type":"Person","@id":"https:\/\/www.pappce.cz\/author\/#Person","name":"","url":"https:\/\/www.pappce.cz\/author\/","identifier":1,"image":{"@type":"ImageObject","@id":"https:\/\/secure.gravatar.com\/avatar\/232437c79d6ebbb41eb67b1526ce0bc08ee5047d6b1594dc05abcc3258d8e0b3?s=96&d=mm&r=g","url":"https:\/\/secure.gravatar.com\/avatar\/232437c79d6ebbb41eb67b1526ce0bc08ee5047d6b1594dc05abcc3258d8e0b3?s=96&d=mm&r=g","height":96,"width":96}},"publisher":{"@type":"Organization","name":"pappce.cz","logo":{"@type":"ImageObject","@id":"\/logo.png","url":"\/logo.png","width":600,"height":60}},"url":"https:\/\/www.pappce.cz\/vyuzijte-nejruznejsi-akce-a-slevy-za-ktere-vam-vase-vlasy-jiste-podekuji\/","wordCount":245,"articleBody":"Brazilsk\u00fd keratin se v\u00e1m velmi zamlouv\u00e1 a rozhodli jste se, \u017ee hned jak to p\u016fjde, tak t\u00e9to \u0161ance vyu\u017eijete? Je to toti\u017e \u0161ance, d\u00edky kter\u00e9 budete moci ud\u011blat va\u0161e vlasy opravdu na pohled dokonal\u00e9 a d\u00edky kter\u00e9 se budete c\u00edtit naprosto skv\u011ble. Pokud v\u00e1s ale finan\u010dn\u00ed situace t\u00ed\u017e\u00ed, tak nev\u00e1hejte a neust\u00e1le si kontrolujte akce a slevy na na\u0161ich internetov\u00fdch str\u00e1nk\u00e1ch, d\u00edky kter\u00fdm si m\u016f\u017ee na\u0161e p\u0159\u00edpravky dovolit opravdu ka\u017ed\u00fd. Vy\u010dkejte na svoji chv\u00edli a uvid\u00edte, \u017ee v\u00e1m po t\u00e9to metod\u011b va\u0161e vlasy opravdu pod\u011bkuj\u00ed.\tV\u0161e, co pot\u0159ebujete v\u011bd\u011bt, najdete na na\u0161ich internetov\u00fdch str\u00e1nk\u00e1chD\u0159\u00edve, ne\u017e byste m\u011bla brazilsk\u00fd keratin vyzkou\u0161et, m\u011bla byste si zjistit v\u0161echny pot\u0159ebn\u00e9 informace. Na \u0161t\u011bst\u00ed pro v\u00e1s, najdete na na\u0161ich internetov\u00fdch str\u00e1nk\u00e1ch v\u0161e, co pot\u0159ebujete. Nab\u00edz\u00edme ve\u0161ker\u00fd p\u0159ehled o metod\u011b obecn\u011b i ve\u0161ker\u00e9 detaily, kter\u00e9 jste dost mo\u017en\u00e1 ani nev\u011bd\u011bli, ale rozhodn\u011b se hod\u00ed o nich v\u011bd\u011bt. Pod\u00edvejte se na na\u0161e internetov\u00e9 str\u00e1nky, p\u0159e\u010dt\u011bte si ve\u0161ker\u00e9 informace, kter\u00e9 u n\u00e1s najdete a objednejte si jedny z nejkvalitn\u011bj\u0161\u00edch p\u0159\u00edpravk\u016f, kter\u00e9 v\u016fbec na trhu najdete.                                                                                                                                                                                                                                                                                                                                                                                        4.4\/5 - (7 votes)        "},{"@context":"https:\/\/schema.org\/","@type":"BreadcrumbList","itemListElement":[{"@type":"ListItem","position":1,"name":"Vyu\u017eijte nejr\u016fzn\u011bj\u0161\u00ed akce a slevy, za kter\u00e9 v\u00e1m va\u0161e vlasy jist\u011b pod\u011bkuj\u00ed","item":"https:\/\/www.pappce.cz\/vyuzijte-nejruznejsi-akce-a-slevy-za-ktere-vam-vase-vlasy-jiste-podekuji\/#breadcrumbitem"}]}]