[{"@context":"https:\/\/schema.org\/","@type":"Article","@id":"https:\/\/www.pappce.cz\/nejen-krejci-oceni-krejcovskou-pannu\/#Article","mainEntityOfPage":"https:\/\/www.pappce.cz\/nejen-krejci-oceni-krejcovskou-pannu\/","headline":"Nejen krej\u010d\u00ed ocen\u00ed krej\u010dovskou pannu","name":"Nejen krej\u010d\u00ed ocen\u00ed krej\u010dovskou pannu","description":"Ka\u017ed\u00fd krej\u010d\u00ed a ka\u017ed\u00e1 \u0161vadlena v\u00e1m jist\u011b potvrd\u00ed, \u017ee se bez zkou\u0161en\u00ed \u0161ije oblek velice t\u011b\u017eko. A ka\u017ed\u00fd, kdo si n\u011bkdy nechal n\u011bco \u0161\u00edt, m\u00e1 ur\u010dit\u011b zku\u0161enost s t\u00edm, jak je protivn\u00e9 neust\u00e1l\u00e9 zkou\u0161en\u00ed. Pokud se nejednalo o natolik \u0161ikovn\u00e9ho \u0159emesln\u00edka, kter\u00e9mu [&hellip;]","datePublished":"2017-12-23","dateModified":"2023-06-07","author":{"@type":"Person","@id":"https:\/\/www.pappce.cz\/author\/#Person","name":"","url":"https:\/\/www.pappce.cz\/author\/","identifier":1,"image":{"@type":"ImageObject","@id":"https:\/\/secure.gravatar.com\/avatar\/232437c79d6ebbb41eb67b1526ce0bc08ee5047d6b1594dc05abcc3258d8e0b3?s=96&d=mm&r=g","url":"https:\/\/secure.gravatar.com\/avatar\/232437c79d6ebbb41eb67b1526ce0bc08ee5047d6b1594dc05abcc3258d8e0b3?s=96&d=mm&r=g","height":96,"width":96}},"publisher":{"@type":"Organization","name":"pappce.cz","logo":{"@type":"ImageObject","@id":"\/logo.png","url":"\/logo.png","width":600,"height":60}},"image":{"@type":"ImageObject","@id":"https:\/\/www.pappce.cz\/wp-content\/uploads\/img_a306648_w2212_t1517914451.jpg","url":"https:\/\/www.pappce.cz\/wp-content\/uploads\/img_a306648_w2212_t1517914451.jpg","height":0,"width":0},"url":"https:\/\/www.pappce.cz\/nejen-krejci-oceni-krejcovskou-pannu\/","about":["Sport"],"wordCount":404,"articleBody":"      Ka\u017ed\u00fd krej\u010d\u00ed a ka\u017ed\u00e1 \u0161vadlena v\u00e1m jist\u011b potvrd\u00ed, \u017ee se bez zkou\u0161en\u00ed \u0161ije oblek velice t\u011b\u017eko. A ka\u017ed\u00fd, kdo si n\u011bkdy nechal n\u011bco \u0161\u00edt, m\u00e1 ur\u010dit\u011b zku\u0161enost s t\u00edm, jak je protivn\u00e9 neust\u00e1l\u00e9 zkou\u0161en\u00ed. Pokud se nejednalo o natolik \u0161ikovn\u00e9ho \u0159emesln\u00edka, kter\u00e9mu sta\u010dila jedna zkou\u0161ka a pak v\u0161e vytvo\u0159il jen podle st\u0159ihu nebo pam\u011bti. Pro u\u0161et\u0159en\u00ed \u010dasu i nerv\u016f se proto pou\u017e\u00edv\u00e1 krej\u010dovsk\u00e1 panna. Jedn\u00e1 se o bustu, kter\u00e1 m\u016f\u017ee b\u00fdt p\u0159ipevn\u011bna na d\u0159ev\u011bn\u00e9m stojanu. \u00b7 Ob\u011b tyto sou\u010d\u00e1sti lze pou\u017e\u00edvat i jednotliv\u011b, proto\u017ee krej\u010dovsk\u00e1 panna se nemus\u00ed pou\u017e\u00edvat pouze pro \u00fa\u010dely \u0161it\u00ed, ale tak\u00e9 na aran\u017eov\u00e1n\u00ed od\u011bv\u016f ve v\u00fdloh\u00e1ch nebo obchodech s oble\u010den\u00edm. Pomocn\u00edk i pro \u0161it\u00ed na d\u011bti V\u00edce je ale p\u0159eci jen pou\u017e\u00edvan\u00e1 pro krej\u010dovsk\u00e9 \u00fa\u010dely, proto jej\u00ed rozm\u011bry odpov\u00eddaj\u00ed klasick\u00e9 konfek\u010dn\u00ed velikosti \u010dty\u0159icet dva a\u017e \u010dty\u0159icet \u010dty\u0159i. V\u00fd\u0161ku lze pohodln\u011b nastavit podle toho, jak to dan\u00e9 situaci vyhovuje. \u00b7 Je vybavena speci\u00e1ln\u00edm \u0161roubem, kter\u00fd https:\/\/www.zive.cz\/pouzivana-aplikace\/at-1065679\/default.aspx  dovoluje nastavit v\u00fd\u0161ku od sto \u010dty\u0159iceti sedmi do sto \u0161edes\u00e1ti \u0161esti centimetr\u016f. \u00b7 Jeliko\u017e je vyrobena p\u0159edev\u0161\u00edm z polyesteru a dopln\u011bna d\u0159evem a kovem, je jej\u00ed velkou v\u00fdhodou mal\u00e1 hmotnost, ale na druhou stranu velk\u00e1 pevnost. Ve specializovan\u00fdch obchodech s pot\u0159ebami pro \u0161it\u00ed od\u011bv\u016f ale nenajdete pouze \u201edosp\u011blou\u201c krej\u010dovskou pannu. Je mo\u017en\u00e9 zakoupit i jej\u00ed d\u011btskou variantu, jej\u00ed\u017e rozm\u011bry odpov\u00eddaj\u00ed konfek\u010dn\u00edm od\u011bv\u016fm o velikosti sto deset a\u017e sto dvacet dva. Co\u017e je velikost pro d\u00edt\u011b p\u0159ibli\u017en\u011b od \u010dty\u0159 do sedmi let. Jako ochranu sv\u00e9ho pomocn\u00edka si m\u016f\u017eete dokoupit i textiln\u00ed potah, kter\u00fd je vyroben z lycry a je to nejen ochrana, ale i vkusn\u00fd estetick\u00fd dopln\u011bk. ZAJ\u00cdMAV\u00dd N\u00c1PAD N\u011bkter\u00e9 kreativn\u00ed \u017eeny si po\u0159izuj\u00ed tento v\u00fdrobek tak\u00e9 jako zaj\u00edmav\u00fd dopln\u011bk sv\u00e9ho interi\u00e9ru. Jak ho vyu\u017eij\u00ed? Jako netradi\u010dn\u00ed v\u011b\u0161\u00e1k nap\u0159\u00edklad na \u0161\u00e1tky nebo na bi\u017euterii. Jako bytov\u00fd dopln\u011bk vypad\u00e1 krej\u010dovsk\u00e1 panna velice zaj\u00edmav\u011b a neot\u0159ele.                                                                                                                                                                                                                                                                                                                                                                                          3.6\/5 - (5 votes)        "},{"@context":"https:\/\/schema.org\/","@type":"BreadcrumbList","itemListElement":[{"@type":"ListItem","position":1,"name":"Nejen krej\u010d\u00ed ocen\u00ed krej\u010dovskou pannu","item":"https:\/\/www.pappce.cz\/nejen-krejci-oceni-krejcovskou-pannu\/#breadcrumbitem"}]}]